{"id":21808,"date":"2025-12-29T17:05:55","date_gmt":"2025-12-29T17:05:55","guid":{"rendered":"https:\/\/lindasosafoundation.org\/?p=21808"},"modified":"2026-01-21T22:43:06","modified_gmt":"2026-01-21T22:43:06","slug":"orgullo-que-inspira-linda-sosa-recibe-el-reconocimiento-vale-la-pena-award-de-scouting-colorado","status":"publish","type":"post","link":"https:\/\/lindasosafoundation.org\/en\/orgullo-que-inspira-linda-sosa-recibe-el-reconocimiento-vale-la-pena-award-de-scouting-colorado\/","title":{"rendered":"\u00a1Orgullo que inspira! Linda Sosa recibe el reconocimiento \u201cVale la Pena Award\u201d de Scouting Colorado"},"content":{"rendered":"<div data-elementor-type=\"wp-post\" data-elementor-id=\"21808\" class=\"elementor elementor-21808\" data-elementor-settings=\"{&quot;ha_cmc_init_switcher&quot;:&quot;no&quot;}\" data-elementor-post-type=\"post\">\n\t\t\t\t\t\t<section class=\"elementor-section elementor-top-section elementor-element elementor-element-35ef99c elementor-section-boxed elementor-section-height-default elementor-section-height-default\" data-id=\"35ef99c\" data-element_type=\"section\" data-e-type=\"section\" data-settings=\"{&quot;_ha_eqh_enable&quot;:false}\">\n\t\t\t\t\t\t<div class=\"elementor-container elementor-column-gap-default\">\n\t\t\t\t\t<div class=\"elementor-column elementor-col-100 elementor-top-column elementor-element elementor-element-754aa2b\" data-id=\"754aa2b\" data-element_type=\"column\" data-e-type=\"column\">\n\t\t\t<div class=\"elementor-widget-wrap elementor-element-populated\">\n\t\t\t\t\t\t<div class=\"elementor-element elementor-element-8109203 elementor-widget elementor-widget-image\" data-id=\"8109203\" data-element_type=\"widget\" data-e-type=\"widget\" data-widget_type=\"image.default\">\n\t\t\t\t<div class=\"elementor-widget-container\">\n\t\t\t\t\t\t\t\t\t\t\t\t\t\t\t<img decoding=\"async\" width=\"265\" height=\"134\" src=\"https:\/\/lindasosafoundation.org\/wp-content\/uploads\/2025\/12\/BLOG_VALE-LA-PENA-AWARD-07.webp\" class=\"attachment-large size-large wp-image-21818\" alt=\"\" sizes=\"(max-width: 34.9rem) calc(100vw - 2rem), (max-width: 53rem) calc(8 * (100vw \/ 12)), (min-width: 53rem) calc(6 * (100vw \/ 12)), 100vw\" \/>\t\t\t\t\t\t\t\t\t\t\t\t\t\t\t<\/div>\n\t\t\t\t<\/div>\n\t\t\t\t\t<\/div>\n\t\t<\/div>\n\t\t\t\t\t<\/div>\n\t\t<\/section>\n\t\t\t\t<section class=\"elementor-section elementor-top-section elementor-element elementor-element-7eab21d elementor-section-full_width elementor-section-height-default elementor-section-height-default\" data-id=\"7eab21d\" data-element_type=\"section\" data-e-type=\"section\" data-settings=\"{&quot;background_background&quot;:&quot;classic&quot;,&quot;_ha_eqh_enable&quot;:false}\">\n\t\t\t\t\t\t<div class=\"elementor-container elementor-column-gap-default\">\n\t\t\t\t\t<div class=\"elementor-column elementor-col-50 elementor-top-column elementor-element elementor-element-a60e796\" data-id=\"a60e796\" data-element_type=\"column\" data-e-type=\"column\">\n\t\t\t<div class=\"elementor-widget-wrap\">\n\t\t\t\t\t\t\t<\/div>\n\t\t<\/div>\n\t\t\t\t<div class=\"elementor-column elementor-col-50 elementor-top-column elementor-element elementor-element-5313252\" data-id=\"5313252\" data-element_type=\"column\" data-e-type=\"column\">\n\t\t\t<div class=\"elementor-widget-wrap elementor-element-populated\">\n\t\t\t\t\t\t<div class=\"elementor-element elementor-element-995c268 elementor-widget elementor-widget-image\" data-id=\"995c268\" data-element_type=\"widget\" data-e-type=\"widget\" data-widget_type=\"image.default\">\n\t\t\t\t<div class=\"elementor-widget-container\">\n\t\t\t\t\t\t\t\t\t\t\t\t\t\t\t<img fetchpriority=\"high\" decoding=\"async\" width=\"694\" height=\"638\" src=\"https:\/\/lindasosafoundation.org\/wp-content\/uploads\/2025\/12\/BLOG_VALE-LA-PENA-AWARD-02.webp\" class=\"attachment-large size-large wp-image-21813\" alt=\"\" srcset=\"https:\/\/lindasosafoundation.org\/wp-content\/uploads\/2025\/12\/BLOG_VALE-LA-PENA-AWARD-02.webp 694w, https:\/\/lindasosafoundation.org\/wp-content\/uploads\/2025\/12\/BLOG_VALE-LA-PENA-AWARD-02-300x276.webp 300w\" sizes=\"(max-width: 34.9rem) calc(100vw - 2rem), (max-width: 53rem) calc(8 * (100vw \/ 12)), (min-width: 53rem) calc(6 * (100vw \/ 12)), 100vw\" \/>\t\t\t\t\t\t\t\t\t\t\t\t\t\t\t<\/div>\n\t\t\t\t<\/div>\n\t\t\t\t\t<\/div>\n\t\t<\/div>\n\t\t\t\t\t<\/div>\n\t\t<\/section>\n\t\t\t\t<section class=\"elementor-section elementor-top-section elementor-element elementor-element-4897e0a elementor-section-boxed elementor-section-height-default elementor-section-height-default\" data-id=\"4897e0a\" data-element_type=\"section\" data-e-type=\"section\" data-settings=\"{&quot;_ha_eqh_enable&quot;:false}\">\n\t\t\t\t\t\t<div class=\"elementor-container elementor-column-gap-default\">\n\t\t\t\t\t<div class=\"elementor-column elementor-col-100 elementor-top-column elementor-element elementor-element-50308c8\" data-id=\"50308c8\" data-element_type=\"column\" data-e-type=\"column\">\n\t\t\t<div class=\"elementor-widget-wrap elementor-element-populated\">\n\t\t\t\t\t\t<div class=\"elementor-element elementor-element-6a5cdb4 elementor-widget elementor-widget-text-editor\" data-id=\"6a5cdb4\" data-element_type=\"widget\" data-e-type=\"widget\" data-widget_type=\"text-editor.default\">\n\t\t\t\t<div class=\"elementor-widget-container\">\n\t\t\t\t\t\t\t\t\t<p data-start=\"270\" data-end=\"501\">En Fundaci\u00f3n Linda Sosa creemos firmemente que el liderazgo con prop\u00f3sito de transformar vidas. Hoy celebramos con enorme orgullo un logro que honra no solo a nuestra fundadora, sino a toda la comunidad que camina junto a nosotros.<\/p><p data-start=\"503\" data-end=\"770\">Nuestra fundadora, Presidenta y CEO, Linda Sosa, fue reconocida con el \u201cPremio Vale la Pena\u201d por Scouting Colorado el d\u00eda 30 de Octubre del 2025, un galard\u00f3n que distingue a l\u00edderes hispanos cuyo trabajo, compromiso y generan servicio un impacto positivo y duradero en la comunidad.<\/p><p data-start=\"772\" data-end=\"805\">\u00a0<\/p>\t\t\t\t\t\t\t\t<\/div>\n\t\t\t\t<\/div>\n\t\t\t\t\t<\/div>\n\t\t<\/div>\n\t\t\t\t\t<\/div>\n\t\t<\/section>\n\t\t\t\t<section class=\"elementor-section elementor-top-section elementor-element elementor-element-fcf51a7 elementor-section-boxed elementor-section-height-default elementor-section-height-default\" data-id=\"fcf51a7\" data-element_type=\"section\" data-e-type=\"section\" data-settings=\"{&quot;_ha_eqh_enable&quot;:false}\">\n\t\t\t\t\t\t<div class=\"elementor-container elementor-column-gap-default\">\n\t\t\t\t\t<div class=\"elementor-column elementor-col-50 elementor-top-column elementor-element elementor-element-c67ff48\" data-id=\"c67ff48\" data-element_type=\"column\" data-e-type=\"column\">\n\t\t\t<div class=\"elementor-widget-wrap elementor-element-populated\">\n\t\t\t\t\t\t<div class=\"elementor-element elementor-element-c63ed92 elementor-widget elementor-widget-image\" data-id=\"c63ed92\" data-element_type=\"widget\" data-e-type=\"widget\" data-widget_type=\"image.default\">\n\t\t\t\t<div class=\"elementor-widget-container\">\n\t\t\t\t\t\t\t\t\t\t\t\t\t\t\t<img decoding=\"async\" width=\"584\" height=\"746\" src=\"https:\/\/lindasosafoundation.org\/wp-content\/uploads\/2025\/12\/BLOG_VALE-LA-PENA-AWARD-06.webp\" class=\"attachment-large size-large wp-image-21817\" alt=\"\" srcset=\"https:\/\/lindasosafoundation.org\/wp-content\/uploads\/2025\/12\/BLOG_VALE-LA-PENA-AWARD-06.webp 584w, https:\/\/lindasosafoundation.org\/wp-content\/uploads\/2025\/12\/BLOG_VALE-LA-PENA-AWARD-06-235x300.webp 235w\" sizes=\"(max-width: 34.9rem) calc(100vw - 2rem), (max-width: 53rem) calc(8 * (100vw \/ 12)), (min-width: 53rem) calc(6 * (100vw \/ 12)), 100vw\" \/>\t\t\t\t\t\t\t\t\t\t\t\t\t\t\t<\/div>\n\t\t\t\t<\/div>\n\t\t\t\t\t<\/div>\n\t\t<\/div>\n\t\t\t\t<div class=\"elementor-column elementor-col-50 elementor-top-column elementor-element elementor-element-932cd9d\" data-id=\"932cd9d\" data-element_type=\"column\" data-e-type=\"column\">\n\t\t\t<div class=\"elementor-widget-wrap elementor-element-populated\">\n\t\t\t\t\t\t<div class=\"elementor-element elementor-element-5ba6b59 elementor-widget elementor-widget-image\" data-id=\"5ba6b59\" data-element_type=\"widget\" data-e-type=\"widget\" data-widget_type=\"image.default\">\n\t\t\t\t<div class=\"elementor-widget-container\">\n\t\t\t\t\t\t\t\t\t\t\t\t\t\t\t<img loading=\"lazy\" decoding=\"async\" width=\"646\" height=\"450\" src=\"https:\/\/lindasosafoundation.org\/wp-content\/uploads\/2025\/12\/BLOG_VALE-LA-PENA-AWARD-03.webp\" class=\"attachment-large size-large wp-image-21814\" alt=\"\" srcset=\"https:\/\/lindasosafoundation.org\/wp-content\/uploads\/2025\/12\/BLOG_VALE-LA-PENA-AWARD-03.webp 646w, https:\/\/lindasosafoundation.org\/wp-content\/uploads\/2025\/12\/BLOG_VALE-LA-PENA-AWARD-03-300x209.webp 300w\" sizes=\"(max-width: 34.9rem) calc(100vw - 2rem), (max-width: 53rem) calc(8 * (100vw \/ 12)), (min-width: 53rem) calc(6 * (100vw \/ 12)), 100vw\" \/>\t\t\t\t\t\t\t\t\t\t\t\t\t\t\t<\/div>\n\t\t\t\t<\/div>\n\t\t\t\t\t<\/div>\n\t\t<\/div>\n\t\t\t\t\t<\/div>\n\t\t<\/section>\n\t\t\t\t<section class=\"elementor-section elementor-top-section elementor-element elementor-element-e4ff983 elementor-section-boxed elementor-section-height-default elementor-section-height-default\" data-id=\"e4ff983\" data-element_type=\"section\" data-e-type=\"section\" data-settings=\"{&quot;_ha_eqh_enable&quot;:false}\">\n\t\t\t\t\t\t<div class=\"elementor-container elementor-column-gap-default\">\n\t\t\t\t\t<div class=\"elementor-column elementor-col-100 elementor-top-column elementor-element elementor-element-4a0adb1\" data-id=\"4a0adb1\" data-element_type=\"column\" data-e-type=\"column\">\n\t\t\t<div class=\"elementor-widget-wrap elementor-element-populated\">\n\t\t\t\t\t\t<div class=\"elementor-element elementor-element-0e7e027 elementor-widget elementor-widget-text-editor\" data-id=\"0e7e027\" data-element_type=\"widget\" data-e-type=\"widget\" data-widget_type=\"text-editor.default\">\n\t\t\t\t<div class=\"elementor-widget-container\">\n\t\t\t\t\t\t\t\t\t<p data-start=\"807\" data-end=\"1130\" class=\"translation-block\">El premio Vale la Pena \u201cWorth the Effort\u201d honra a personas que, a trav\u00e9s de su liderazgo, inspiran, abren caminos y crean oportunidades para las nuevas generaciones. Este reconocimiento refleja la trayectoria de Linda Sosa como una l\u00edder comprometida con la educaci\u00f3n, el desarrollo comunitario y el empoderamiento de la comunidad hispana.<\/p>\n<p data-start=\"1132\" data-end=\"1353\">A lo largo de los a\u00f1os, Linda ha trabajado incansablemente para derribar barreras y construir puentes de acceso a oportunidades educativas, demostrando que cuando se lidera con coraz\u00f3n, visi\u00f3n y constancia, los sue\u00f1os s\u00ed pueden convertirse en realidades.<\/p>\t\t\t\t\t\t\t\t<\/div>\n\t\t\t\t<\/div>\n\t\t\t\t\t<\/div>\n\t\t<\/div>\n\t\t\t\t\t<\/div>\n\t\t<\/section>\n\t\t\t\t<section class=\"elementor-section elementor-top-section elementor-element elementor-element-a01f601 elementor-section-boxed elementor-section-height-default elementor-section-height-default\" data-id=\"a01f601\" data-element_type=\"section\" data-e-type=\"section\" data-settings=\"{&quot;_ha_eqh_enable&quot;:false}\">\n\t\t\t\t\t\t<div class=\"elementor-container elementor-column-gap-default\">\n\t\t\t\t\t<div class=\"elementor-column elementor-col-100 elementor-top-column elementor-element elementor-element-02656c5\" data-id=\"02656c5\" data-element_type=\"column\" data-e-type=\"column\">\n\t\t\t<div class=\"elementor-widget-wrap elementor-element-populated\">\n\t\t\t\t\t\t<div class=\"elementor-element elementor-element-24b7dc8 elementor-widget elementor-widget-image\" data-id=\"24b7dc8\" data-element_type=\"widget\" data-e-type=\"widget\" data-widget_type=\"image.default\">\n\t\t\t\t<div class=\"elementor-widget-container\">\n\t\t\t\t\t\t\t\t\t\t\t\t\t\t\t<img loading=\"lazy\" decoding=\"async\" width=\"1024\" height=\"796\" src=\"https:\/\/lindasosafoundation.org\/wp-content\/uploads\/2025\/12\/BLOG_VALE-LA-PENA-AWARD-04-1024x796.webp\" class=\"attachment-large size-large wp-image-21815\" alt=\"\" srcset=\"https:\/\/lindasosafoundation.org\/wp-content\/uploads\/2025\/12\/BLOG_VALE-LA-PENA-AWARD-04-1024x796.webp 1024w, https:\/\/lindasosafoundation.org\/wp-content\/uploads\/2025\/12\/BLOG_VALE-LA-PENA-AWARD-04-300x233.webp 300w, https:\/\/lindasosafoundation.org\/wp-content\/uploads\/2025\/12\/BLOG_VALE-LA-PENA-AWARD-04-768x597.webp 768w, https:\/\/lindasosafoundation.org\/wp-content\/uploads\/2025\/12\/BLOG_VALE-LA-PENA-AWARD-04.webp 1338w\" sizes=\"(max-width: 34.9rem) calc(100vw - 2rem), (max-width: 53rem) calc(8 * (100vw \/ 12)), (min-width: 53rem) calc(6 * (100vw \/ 12)), 100vw\" \/>\t\t\t\t\t\t\t\t\t\t\t\t\t\t\t<\/div>\n\t\t\t\t<\/div>\n\t\t\t\t\t<\/div>\n\t\t<\/div>\n\t\t\t\t\t<\/div>\n\t\t<\/section>\n\t\t\t\t<section class=\"elementor-section elementor-top-section elementor-element elementor-element-007fd2f elementor-section-boxed elementor-section-height-default elementor-section-height-default\" data-id=\"007fd2f\" data-element_type=\"section\" data-e-type=\"section\" data-settings=\"{&quot;_ha_eqh_enable&quot;:false}\">\n\t\t\t\t\t\t<div class=\"elementor-container elementor-column-gap-default\">\n\t\t\t\t\t<div class=\"elementor-column elementor-col-100 elementor-top-column elementor-element elementor-element-5703b3e\" data-id=\"5703b3e\" data-element_type=\"column\" data-e-type=\"column\">\n\t\t\t<div class=\"elementor-widget-wrap elementor-element-populated\">\n\t\t\t\t\t\t<div class=\"elementor-element elementor-element-7d17417 elementor-widget elementor-widget-image\" data-id=\"7d17417\" data-element_type=\"widget\" data-e-type=\"widget\" data-widget_type=\"image.default\">\n\t\t\t\t<div class=\"elementor-widget-container\">\n\t\t\t\t\t\t\t\t\t\t\t\t\t\t\t<img loading=\"lazy\" decoding=\"async\" width=\"791\" height=\"196\" src=\"https:\/\/lindasosafoundation.org\/wp-content\/uploads\/2025\/12\/BLOG_VALE-LA-PENA-AWARD.webp\" class=\"attachment-large size-large wp-image-21826\" alt=\"\" srcset=\"https:\/\/lindasosafoundation.org\/wp-content\/uploads\/2025\/12\/BLOG_VALE-LA-PENA-AWARD.webp 791w, https:\/\/lindasosafoundation.org\/wp-content\/uploads\/2025\/12\/BLOG_VALE-LA-PENA-AWARD-300x74.webp 300w, https:\/\/lindasosafoundation.org\/wp-content\/uploads\/2025\/12\/BLOG_VALE-LA-PENA-AWARD-768x190.webp 768w\" sizes=\"(max-width: 34.9rem) calc(100vw - 2rem), (max-width: 53rem) calc(8 * (100vw \/ 12)), (min-width: 53rem) calc(6 * (100vw \/ 12)), 100vw\" \/>\t\t\t\t\t\t\t\t\t\t\t\t\t\t\t<\/div>\n\t\t\t\t<\/div>\n\t\t\t\t\t<\/div>\n\t\t<\/div>\n\t\t\t\t\t<\/div>\n\t\t<\/section>\n\t\t\t\t<section class=\"elementor-section elementor-top-section elementor-element elementor-element-a4c5fb1 elementor-section-boxed elementor-section-height-default elementor-section-height-default\" data-id=\"a4c5fb1\" data-element_type=\"section\" data-e-type=\"section\" data-settings=\"{&quot;_ha_eqh_enable&quot;:false}\">\n\t\t\t\t\t\t<div class=\"elementor-container elementor-column-gap-default\">\n\t\t\t\t\t<div class=\"elementor-column elementor-col-100 elementor-top-column elementor-element elementor-element-261538f\" data-id=\"261538f\" data-element_type=\"column\" data-e-type=\"column\">\n\t\t\t<div class=\"elementor-widget-wrap elementor-element-populated\">\n\t\t\t\t\t\t<div class=\"elementor-element elementor-element-5afa93e elementor-widget elementor-widget-text-editor\" data-id=\"5afa93e\" data-element_type=\"widget\" data-e-type=\"widget\" data-widget_type=\"text-editor.default\">\n\t\t\t\t<div class=\"elementor-widget-container\">\n\t\t\t\t\t\t\t\t\t<p data-start=\"1391\" data-end=\"1575\" class=\"translation-block\">Expresamos nuestro m\u00e1s sincero agradecimiento a Scouting Colorado por este significativo reconocimiento y por su compromiso continuo con el liderazgo, el servicio y el fortalecimiento de nuestra comunidad.<\/p>\n<p data-start=\"1577\" data-end=\"1952\">De manera especial, agradecemos a Mike Fifhause, CEO &amp; Scout Executive de Scouting Colorado, por su liderazgo, visi\u00f3n y respaldo, as\u00ed como a Mariana Larrea, Associate Development Director de Scouting Colorado, por su acompa\u00f1amiento, confianza y apoyo constante. Su labor y compromiso hacen posible que historias de impacto positivo sean reconocidas y celebradas.<\/p>\t\t\t\t\t\t\t\t<\/div>\n\t\t\t\t<\/div>\n\t\t\t\t\t<\/div>\n\t\t<\/div>\n\t\t\t\t\t<\/div>\n\t\t<\/section>\n\t\t\t\t<section class=\"elementor-section elementor-top-section elementor-element elementor-element-bd076e1 elementor-section-boxed elementor-section-height-default elementor-section-height-default\" data-id=\"bd076e1\" data-element_type=\"section\" data-e-type=\"section\" data-settings=\"{&quot;_ha_eqh_enable&quot;:false}\">\n\t\t\t\t\t\t<div class=\"elementor-container elementor-column-gap-default\">\n\t\t\t\t\t<div class=\"elementor-column elementor-col-100 elementor-top-column elementor-element elementor-element-5a7c115\" data-id=\"5a7c115\" data-element_type=\"column\" data-e-type=\"column\">\n\t\t\t<div class=\"elementor-widget-wrap elementor-element-populated\">\n\t\t\t\t\t\t<div class=\"elementor-element elementor-element-d48049e elementor-widget elementor-widget-image\" data-id=\"d48049e\" data-element_type=\"widget\" data-e-type=\"widget\" data-widget_type=\"image.default\">\n\t\t\t\t<div class=\"elementor-widget-container\">\n\t\t\t\t\t\t\t\t\t\t\t\t\t\t\t<img loading=\"lazy\" decoding=\"async\" width=\"1024\" height=\"703\" src=\"https:\/\/lindasosafoundation.org\/wp-content\/uploads\/2025\/12\/BLOG_VALE-LA-PENA-AWARD-05-1024x703.webp\" class=\"attachment-large size-large wp-image-21816\" alt=\"\" srcset=\"https:\/\/lindasosafoundation.org\/wp-content\/uploads\/2025\/12\/BLOG_VALE-LA-PENA-AWARD-05-1024x703.webp 1024w, https:\/\/lindasosafoundation.org\/wp-content\/uploads\/2025\/12\/BLOG_VALE-LA-PENA-AWARD-05-300x206.webp 300w, https:\/\/lindasosafoundation.org\/wp-content\/uploads\/2025\/12\/BLOG_VALE-LA-PENA-AWARD-05-768x527.webp 768w, https:\/\/lindasosafoundation.org\/wp-content\/uploads\/2025\/12\/BLOG_VALE-LA-PENA-AWARD-05.webp 1178w\" sizes=\"(max-width: 34.9rem) calc(100vw - 2rem), (max-width: 53rem) calc(8 * (100vw \/ 12)), (min-width: 53rem) calc(6 * (100vw \/ 12)), 100vw\" \/>\t\t\t\t\t\t\t\t\t\t\t\t\t\t\t<\/div>\n\t\t\t\t<\/div>\n\t\t\t\t\t<\/div>\n\t\t<\/div>\n\t\t\t\t\t<\/div>\n\t\t<\/section>\n\t\t\t\t<section class=\"elementor-section elementor-top-section elementor-element elementor-element-f5e20c2 elementor-section-boxed elementor-section-height-default elementor-section-height-default\" data-id=\"f5e20c2\" data-element_type=\"section\" data-e-type=\"section\" data-settings=\"{&quot;_ha_eqh_enable&quot;:false}\">\n\t\t\t\t\t\t<div class=\"elementor-container elementor-column-gap-default\">\n\t\t\t\t\t<div class=\"elementor-column elementor-col-100 elementor-top-column elementor-element elementor-element-a92f8ce\" data-id=\"a92f8ce\" data-element_type=\"column\" data-e-type=\"column\">\n\t\t\t<div class=\"elementor-widget-wrap elementor-element-populated\">\n\t\t\t\t\t\t<div class=\"elementor-element elementor-element-387d527 elementor-widget elementor-widget-text-editor\" data-id=\"387d527\" data-element_type=\"widget\" data-e-type=\"widget\" data-widget_type=\"text-editor.default\">\n\t\t\t\t<div class=\"elementor-widget-container\">\n\t\t\t\t\t\t\t\t\t<p data-start=\"2080\" data-end=\"2394\">Este reconocimiento no solo celebra el liderazgo individual, sino tambi\u00e9n el esfuerzo colectivo de una comunidad que cree en el poder de la educaci\u00f3n y la colaboraci\u00f3n. Cada beca otorgada, cada programa de tutor\u00edas, cada alianza construida y cada estudiante acompa\u00f1ado forman parte del impacto que hoy se reconoce.<\/p>\n<hr data-start=\"2396\" data-end=\"2399\" \/>\n<p data-start=\"2401\" data-end=\"2604\" class=\"translation-block\">En Linda Sosa Foundation recibimos este premio como una motivaci\u00f3n para seguir adelante, reafirmando nuestro compromiso con las familias, los estudiantes y los j\u00f3venes que sue\u00f1an con un mejor futuro.<\/p>\t\t\t\t\t\t\t\t<\/div>\n\t\t\t\t<\/div>\n\t\t\t\t\t<\/div>\n\t\t<\/div>\n\t\t\t\t\t<\/div>\n\t\t<\/section>\n\t\t\t\t<section class=\"elementor-section elementor-top-section elementor-element elementor-element-0bd8d6f elementor-section-boxed elementor-section-height-default elementor-section-height-default\" data-id=\"0bd8d6f\" data-element_type=\"section\" data-e-type=\"section\" data-settings=\"{&quot;_ha_eqh_enable&quot;:false}\">\n\t\t\t\t\t\t<div class=\"elementor-container elementor-column-gap-default\">\n\t\t\t\t\t<div class=\"elementor-column elementor-col-100 elementor-top-column elementor-element elementor-element-577ee4e\" data-id=\"577ee4e\" data-element_type=\"column\" data-e-type=\"column\">\n\t\t\t<div class=\"elementor-widget-wrap\">\n\t\t\t\t\t\t\t<\/div>\n\t\t<\/div>\n\t\t\t\t\t<\/div>\n\t\t<\/section>\n\t\t\t\t<section class=\"elementor-section elementor-top-section elementor-element elementor-element-80bbca2 elementor-section-boxed elementor-section-height-default elementor-section-height-default\" data-id=\"80bbca2\" data-element_type=\"section\" data-e-type=\"section\" data-settings=\"{&quot;_ha_eqh_enable&quot;:false}\">\n\t\t\t\t\t\t<div class=\"elementor-container elementor-column-gap-default\">\n\t\t\t\t\t<div class=\"elementor-column elementor-col-100 elementor-top-column elementor-element elementor-element-b233893\" data-id=\"b233893\" data-element_type=\"column\" data-e-type=\"column\">\n\t\t\t<div class=\"elementor-widget-wrap elementor-element-populated\">\n\t\t\t\t\t\t<div class=\"elementor-element elementor-element-5bf5551 elementor-widget elementor-widget-image\" data-id=\"5bf5551\" data-element_type=\"widget\" data-e-type=\"widget\" data-widget_type=\"image.default\">\n\t\t\t\t<div class=\"elementor-widget-container\">\n\t\t\t\t\t\t\t\t\t\t\t\t\t\t\t<img loading=\"lazy\" decoding=\"async\" width=\"856\" height=\"200\" src=\"https:\/\/lindasosafoundation.org\/wp-content\/uploads\/2025\/12\/9.webp\" class=\"attachment-large size-large wp-image-21831\" alt=\"\" srcset=\"https:\/\/lindasosafoundation.org\/wp-content\/uploads\/2025\/12\/9.webp 856w, https:\/\/lindasosafoundation.org\/wp-content\/uploads\/2025\/12\/9-300x70.webp 300w, https:\/\/lindasosafoundation.org\/wp-content\/uploads\/2025\/12\/9-768x179.webp 768w\" sizes=\"(max-width: 34.9rem) calc(100vw - 2rem), (max-width: 53rem) calc(8 * (100vw \/ 12)), (min-width: 53rem) calc(6 * (100vw \/ 12)), 100vw\" \/>\t\t\t\t\t\t\t\t\t\t\t\t\t\t\t<\/div>\n\t\t\t\t<\/div>\n\t\t\t\t\t<\/div>\n\t\t<\/div>\n\t\t\t\t\t<\/div>\n\t\t<\/section>\n\t\t\t\t<section class=\"elementor-section elementor-top-section elementor-element elementor-element-e640228 elementor-section-boxed elementor-section-height-default elementor-section-height-default\" data-id=\"e640228\" data-element_type=\"section\" data-e-type=\"section\" data-settings=\"{&quot;_ha_eqh_enable&quot;:false}\">\n\t\t\t\t\t\t<div class=\"elementor-container elementor-column-gap-default\">\n\t\t\t\t\t<div class=\"elementor-column elementor-col-100 elementor-top-column elementor-element elementor-element-314ae24\" data-id=\"314ae24\" data-element_type=\"column\" data-e-type=\"column\">\n\t\t\t<div class=\"elementor-widget-wrap elementor-element-populated\">\n\t\t\t\t\t\t<div class=\"elementor-element elementor-element-320cccf elementor-widget elementor-widget-text-editor\" data-id=\"320cccf\" data-element_type=\"widget\" data-e-type=\"widget\" data-widget_type=\"text-editor.default\">\n\t\t\t\t<div class=\"elementor-widget-container\">\n\t\t\t\t\t\t\t\t\t<p data-start=\"2539\" data-end=\"2757\" class=\"translation-block\">El Vale la Pena Award es un recordatorio de que el trabajo comunitario s\u00ed vale la pena. Vale la pena creer, educar y transformar. Vale la pena invertir en la juventud y acompa\u00f1arla en su camino hacia el \u00e9xito.<\/p>\n<p data-start=\"2759\" data-end=\"2969\">We congratulate our founder, Linda Sosa, for this well-deserved recognition and reiterate our gratitude to Scouting Colorado for highlighting the Latino leadership that strengthens and enriches our communities.<\/p>\n<p data-start=\"2971\" data-end=\"3015\">Seguimos adelante con m\u00e1s fuerza que nunca.<\/p>\n<p data-start=\"3017\" data-end=\"3069\"><strong data-start=\"3017\" data-end=\"3042\">Linda Sosa Foundation<\/strong><br data-start=\"3042\" data-end=\"3045\" \/>La educaci\u00f3n no tiene fronteras.<\/p>\t\t\t\t\t\t\t\t<\/div>\n\t\t\t\t<\/div>\n\t\t\t\t\t<\/div>\n\t\t<\/div>\n\t\t\t\t\t<\/div>\n\t\t<\/section>\n\t\t\t\t<\/div>","protected":false},"excerpt":{"rendered":"<p>At the Linda Sosa Foundation, we firmly believe that leadership with purpose transforms lives. Today, we celebrate with immense pride an achievement that honors not only our founder but the entire community that walks alongside us. Our Founder, President, and CEO, Linda Sosa, was recognized with the \u201cVale la Pena Award\u201d by Scouting Colorado on [&hellip;]<\/p>","protected":false},"author":2,"featured_media":21815,"comment_status":"closed","ping_status":"closed","sticky":false,"template":"","format":"standard","meta":{"_acf_changed":false,"footnotes":""},"categories":[312],"tags":[],"class_list":["post-21808","post","type-post","status-publish","format-standard","has-post-thumbnail","hentry","category-linda-sosa","entry"],"acf":[],"yoast_head":"<!-- This site is optimized with the Yoast SEO Premium plugin v23.5 (Yoast SEO v27.5) - https:\/\/yoast.com\/product\/yoast-seo-premium-wordpress\/ -->\n<title>\u00a1Orgullo que inspira! Linda Sosa recibe el reconocimiento \u201cVale la Pena Award\u201d de Scouting Colorado - lindasosafoundation.org<\/title>\n<meta name=\"robots\" content=\"index, follow, max-snippet:-1, max-image-preview:large, max-video-preview:-1\" \/>\n<link rel=\"canonical\" href=\"https:\/\/lindasosafoundation.org\/en\/orgullo-que-inspira-linda-sosa-recibe-el-reconocimiento-vale-la-pena-award-de-scouting-colorado\/\" \/>\n<meta property=\"og:locale\" content=\"en_US\" \/>\n<meta property=\"og:type\" content=\"article\" \/>\n<meta property=\"og:title\" content=\"\u00a1Orgullo que inspira! Linda Sosa recibe el reconocimiento \u201cVale la Pena Award\u201d de Scouting Colorado - lindasosafoundation.org\" \/>\n<meta property=\"og:description\" content=\"At the Linda Sosa Foundation, we firmly believe that leadership with purpose transforms lives. Today, we celebrate with immense pride an achievement that honors not only our founder but the entire community that walks alongside us. Our Founder, President, and CEO, Linda Sosa, was recognized with the \u201cVale la Pena Award\u201d by Scouting Colorado on [&hellip;]\" \/>\n<meta property=\"og:url\" content=\"https:\/\/lindasosafoundation.org\/en\/orgullo-que-inspira-linda-sosa-recibe-el-reconocimiento-vale-la-pena-award-de-scouting-colorado\/\" \/>\n<meta property=\"og:site_name\" content=\"lindasosafoundation.org\" \/>\n<meta property=\"article:published_time\" content=\"2025-12-29T17:05:55+00:00\" \/>\n<meta property=\"article:modified_time\" content=\"2026-01-21T22:43:06+00:00\" \/>\n<meta property=\"og:image\" content=\"https:\/\/lindasosafoundation.org\/wp-content\/uploads\/2025\/12\/BLOG_VALE-LA-PENA-AWARD-04.webp\" \/>\n\t<meta property=\"og:image:width\" content=\"1338\" \/>\n\t<meta property=\"og:image:height\" content=\"1040\" \/>\n\t<meta property=\"og:image:type\" content=\"image\/webp\" \/>\n<meta name=\"author\" content=\"Marvin Gonzales\" \/>\n<meta name=\"twitter:card\" content=\"summary_large_image\" \/>\n<meta name=\"twitter:label1\" content=\"Written by\" \/>\n\t<meta name=\"twitter:data1\" content=\"Marvin Gonzales\" \/>\n\t<meta name=\"twitter:label2\" content=\"Est. reading time\" \/>\n\t<meta name=\"twitter:data2\" content=\"4 minutes\" \/>\n<script type=\"application\/ld+json\" class=\"yoast-schema-graph\">{\"@context\":\"https:\\\/\\\/schema.org\",\"@graph\":[{\"@type\":\"Article\",\"@id\":\"https:\\\/\\\/lindasosafoundation.org\\\/orgullo-que-inspira-linda-sosa-recibe-el-reconocimiento-vale-la-pena-award-de-scouting-colorado\\\/#article\",\"isPartOf\":{\"@id\":\"https:\\\/\\\/lindasosafoundation.org\\\/orgullo-que-inspira-linda-sosa-recibe-el-reconocimiento-vale-la-pena-award-de-scouting-colorado\\\/\"},\"author\":{\"name\":\"Marvin Gonzales\",\"@id\":\"https:\\\/\\\/lindasosafoundation.org\\\/#\\\/schema\\\/person\\\/79d4212820d5fc84b2a7765843540181\"},\"headline\":\"\u00a1Orgullo que inspira! Linda Sosa recibe el reconocimiento \u201cVale la Pena Award\u201d de Scouting Colorado\",\"datePublished\":\"2025-12-29T17:05:55+00:00\",\"dateModified\":\"2026-01-21T22:43:06+00:00\",\"mainEntityOfPage\":{\"@id\":\"https:\\\/\\\/lindasosafoundation.org\\\/orgullo-que-inspira-linda-sosa-recibe-el-reconocimiento-vale-la-pena-award-de-scouting-colorado\\\/\"},\"wordCount\":408,\"publisher\":{\"@id\":\"https:\\\/\\\/lindasosafoundation.org\\\/#organization\"},\"image\":{\"@id\":\"https:\\\/\\\/lindasosafoundation.org\\\/orgullo-que-inspira-linda-sosa-recibe-el-reconocimiento-vale-la-pena-award-de-scouting-colorado\\\/#primaryimage\"},\"thumbnailUrl\":\"https:\\\/\\\/lindasosafoundation.org\\\/wp-content\\\/uploads\\\/2025\\\/12\\\/BLOG_VALE-LA-PENA-AWARD-04.webp\",\"articleSection\":[\"Linda Sosa\"],\"inLanguage\":\"en-US\"},{\"@type\":\"WebPage\",\"@id\":\"https:\\\/\\\/lindasosafoundation.org\\\/orgullo-que-inspira-linda-sosa-recibe-el-reconocimiento-vale-la-pena-award-de-scouting-colorado\\\/\",\"url\":\"https:\\\/\\\/lindasosafoundation.org\\\/orgullo-que-inspira-linda-sosa-recibe-el-reconocimiento-vale-la-pena-award-de-scouting-colorado\\\/\",\"name\":\"\u00a1Orgullo que inspira! Linda Sosa recibe el reconocimiento \u201cVale la Pena Award\u201d de Scouting Colorado - lindasosafoundation.org\",\"isPartOf\":{\"@id\":\"https:\\\/\\\/lindasosafoundation.org\\\/#website\"},\"primaryImageOfPage\":{\"@id\":\"https:\\\/\\\/lindasosafoundation.org\\\/orgullo-que-inspira-linda-sosa-recibe-el-reconocimiento-vale-la-pena-award-de-scouting-colorado\\\/#primaryimage\"},\"image\":{\"@id\":\"https:\\\/\\\/lindasosafoundation.org\\\/orgullo-que-inspira-linda-sosa-recibe-el-reconocimiento-vale-la-pena-award-de-scouting-colorado\\\/#primaryimage\"},\"thumbnailUrl\":\"https:\\\/\\\/lindasosafoundation.org\\\/wp-content\\\/uploads\\\/2025\\\/12\\\/BLOG_VALE-LA-PENA-AWARD-04.webp\",\"datePublished\":\"2025-12-29T17:05:55+00:00\",\"dateModified\":\"2026-01-21T22:43:06+00:00\",\"inLanguage\":\"en-US\",\"potentialAction\":[{\"@type\":\"ReadAction\",\"target\":[\"https:\\\/\\\/lindasosafoundation.org\\\/orgullo-que-inspira-linda-sosa-recibe-el-reconocimiento-vale-la-pena-award-de-scouting-colorado\\\/\"]}]},{\"@type\":\"ImageObject\",\"inLanguage\":\"en-US\",\"@id\":\"https:\\\/\\\/lindasosafoundation.org\\\/orgullo-que-inspira-linda-sosa-recibe-el-reconocimiento-vale-la-pena-award-de-scouting-colorado\\\/#primaryimage\",\"url\":\"https:\\\/\\\/lindasosafoundation.org\\\/wp-content\\\/uploads\\\/2025\\\/12\\\/BLOG_VALE-LA-PENA-AWARD-04.webp\",\"contentUrl\":\"https:\\\/\\\/lindasosafoundation.org\\\/wp-content\\\/uploads\\\/2025\\\/12\\\/BLOG_VALE-LA-PENA-AWARD-04.webp\",\"width\":1338,\"height\":1040},{\"@type\":\"WebSite\",\"@id\":\"https:\\\/\\\/lindasosafoundation.org\\\/#website\",\"url\":\"https:\\\/\\\/lindasosafoundation.org\\\/\",\"name\":\"lindasosafoundation.org\",\"description\":\"\",\"publisher\":{\"@id\":\"https:\\\/\\\/lindasosafoundation.org\\\/#organization\"},\"potentialAction\":[{\"@type\":\"SearchAction\",\"target\":{\"@type\":\"EntryPoint\",\"urlTemplate\":\"https:\\\/\\\/lindasosafoundation.org\\\/?s={search_term_string}\"},\"query-input\":{\"@type\":\"PropertyValueSpecification\",\"valueRequired\":true,\"valueName\":\"search_term_string\"}}],\"inLanguage\":\"en-US\"},{\"@type\":\"Organization\",\"@id\":\"https:\\\/\\\/lindasosafoundation.org\\\/#organization\",\"name\":\"lindasosafoundation.org\",\"url\":\"https:\\\/\\\/lindasosafoundation.org\\\/\",\"logo\":{\"@type\":\"ImageObject\",\"inLanguage\":\"en-US\",\"@id\":\"https:\\\/\\\/lindasosafoundation.org\\\/#\\\/schema\\\/logo\\\/image\\\/\",\"url\":\"https:\\\/\\\/lindasosafoundation.org\\\/wp-content\\\/uploads\\\/2021\\\/06\\\/LINDA-SOSA-FUNDATION-BLUEDARK.png\",\"contentUrl\":\"https:\\\/\\\/lindasosafoundation.org\\\/wp-content\\\/uploads\\\/2021\\\/06\\\/LINDA-SOSA-FUNDATION-BLUEDARK.png\",\"width\":512,\"height\":512,\"caption\":\"lindasosafoundation.org\"},\"image\":{\"@id\":\"https:\\\/\\\/lindasosafoundation.org\\\/#\\\/schema\\\/logo\\\/image\\\/\"}},{\"@type\":\"Person\",\"@id\":\"https:\\\/\\\/lindasosafoundation.org\\\/#\\\/schema\\\/person\\\/79d4212820d5fc84b2a7765843540181\",\"name\":\"Marvin Gonzales\",\"image\":{\"@type\":\"ImageObject\",\"inLanguage\":\"en-US\",\"@id\":\"https:\\\/\\\/secure.gravatar.com\\\/avatar\\\/e2bce9ca9ff0c2b156dfa2c64113d4c703613f80912e96836e1bf7bfc0ad8054?s=96&d=mm&r=g\",\"url\":\"https:\\\/\\\/secure.gravatar.com\\\/avatar\\\/e2bce9ca9ff0c2b156dfa2c64113d4c703613f80912e96836e1bf7bfc0ad8054?s=96&d=mm&r=g\",\"contentUrl\":\"https:\\\/\\\/secure.gravatar.com\\\/avatar\\\/e2bce9ca9ff0c2b156dfa2c64113d4c703613f80912e96836e1bf7bfc0ad8054?s=96&d=mm&r=g\",\"caption\":\"Marvin Gonzales\"},\"url\":\"https:\\\/\\\/lindasosafoundation.org\\\/en\\\/author\\\/soymegh\\\/\"}]}<\/script>\n<!-- \/ Yoast SEO Premium plugin. -->","yoast_head_json":{"title":"\u00a1Orgullo que inspira! Linda Sosa recibe el reconocimiento \u201cVale la Pena Award\u201d de Scouting Colorado - lindasosafoundation.org","robots":{"index":"index","follow":"follow","max-snippet":"max-snippet:-1","max-image-preview":"max-image-preview:large","max-video-preview":"max-video-preview:-1"},"canonical":"https:\/\/lindasosafoundation.org\/en\/orgullo-que-inspira-linda-sosa-recibe-el-reconocimiento-vale-la-pena-award-de-scouting-colorado\/","og_locale":"en_US","og_type":"article","og_title":"\u00a1Orgullo que inspira! Linda Sosa recibe el reconocimiento \u201cVale la Pena Award\u201d de Scouting Colorado - lindasosafoundation.org","og_description":"At the Linda Sosa Foundation, we firmly believe that leadership with purpose transforms lives. Today, we celebrate with immense pride an achievement that honors not only our founder but the entire community that walks alongside us. Our Founder, President, and CEO, Linda Sosa, was recognized with the \u201cVale la Pena Award\u201d by Scouting Colorado on [&hellip;]","og_url":"https:\/\/lindasosafoundation.org\/en\/orgullo-que-inspira-linda-sosa-recibe-el-reconocimiento-vale-la-pena-award-de-scouting-colorado\/","og_site_name":"lindasosafoundation.org","article_published_time":"2025-12-29T17:05:55+00:00","article_modified_time":"2026-01-21T22:43:06+00:00","og_image":[{"width":1338,"height":1040,"url":"https:\/\/lindasosafoundation.org\/wp-content\/uploads\/2025\/12\/BLOG_VALE-LA-PENA-AWARD-04.webp","type":"image\/webp"}],"author":"Marvin Gonzales","twitter_card":"summary_large_image","twitter_misc":{"Written by":"Marvin Gonzales","Est. reading time":"4 minutes"},"schema":{"@context":"https:\/\/schema.org","@graph":[{"@type":"Article","@id":"https:\/\/lindasosafoundation.org\/orgullo-que-inspira-linda-sosa-recibe-el-reconocimiento-vale-la-pena-award-de-scouting-colorado\/#article","isPartOf":{"@id":"https:\/\/lindasosafoundation.org\/orgullo-que-inspira-linda-sosa-recibe-el-reconocimiento-vale-la-pena-award-de-scouting-colorado\/"},"author":{"name":"Marvin Gonzales","@id":"https:\/\/lindasosafoundation.org\/#\/schema\/person\/79d4212820d5fc84b2a7765843540181"},"headline":"\u00a1Orgullo que inspira! Linda Sosa recibe el reconocimiento \u201cVale la Pena Award\u201d de Scouting Colorado","datePublished":"2025-12-29T17:05:55+00:00","dateModified":"2026-01-21T22:43:06+00:00","mainEntityOfPage":{"@id":"https:\/\/lindasosafoundation.org\/orgullo-que-inspira-linda-sosa-recibe-el-reconocimiento-vale-la-pena-award-de-scouting-colorado\/"},"wordCount":408,"publisher":{"@id":"https:\/\/lindasosafoundation.org\/#organization"},"image":{"@id":"https:\/\/lindasosafoundation.org\/orgullo-que-inspira-linda-sosa-recibe-el-reconocimiento-vale-la-pena-award-de-scouting-colorado\/#primaryimage"},"thumbnailUrl":"https:\/\/lindasosafoundation.org\/wp-content\/uploads\/2025\/12\/BLOG_VALE-LA-PENA-AWARD-04.webp","articleSection":["Linda Sosa"],"inLanguage":"en-US"},{"@type":"WebPage","@id":"https:\/\/lindasosafoundation.org\/orgullo-que-inspira-linda-sosa-recibe-el-reconocimiento-vale-la-pena-award-de-scouting-colorado\/","url":"https:\/\/lindasosafoundation.org\/orgullo-que-inspira-linda-sosa-recibe-el-reconocimiento-vale-la-pena-award-de-scouting-colorado\/","name":"\u00a1Orgullo que inspira! Linda Sosa recibe el reconocimiento \u201cVale la Pena Award\u201d de Scouting Colorado - lindasosafoundation.org","isPartOf":{"@id":"https:\/\/lindasosafoundation.org\/#website"},"primaryImageOfPage":{"@id":"https:\/\/lindasosafoundation.org\/orgullo-que-inspira-linda-sosa-recibe-el-reconocimiento-vale-la-pena-award-de-scouting-colorado\/#primaryimage"},"image":{"@id":"https:\/\/lindasosafoundation.org\/orgullo-que-inspira-linda-sosa-recibe-el-reconocimiento-vale-la-pena-award-de-scouting-colorado\/#primaryimage"},"thumbnailUrl":"https:\/\/lindasosafoundation.org\/wp-content\/uploads\/2025\/12\/BLOG_VALE-LA-PENA-AWARD-04.webp","datePublished":"2025-12-29T17:05:55+00:00","dateModified":"2026-01-21T22:43:06+00:00","inLanguage":"en-US","potentialAction":[{"@type":"ReadAction","target":["https:\/\/lindasosafoundation.org\/orgullo-que-inspira-linda-sosa-recibe-el-reconocimiento-vale-la-pena-award-de-scouting-colorado\/"]}]},{"@type":"ImageObject","inLanguage":"en-US","@id":"https:\/\/lindasosafoundation.org\/orgullo-que-inspira-linda-sosa-recibe-el-reconocimiento-vale-la-pena-award-de-scouting-colorado\/#primaryimage","url":"https:\/\/lindasosafoundation.org\/wp-content\/uploads\/2025\/12\/BLOG_VALE-LA-PENA-AWARD-04.webp","contentUrl":"https:\/\/lindasosafoundation.org\/wp-content\/uploads\/2025\/12\/BLOG_VALE-LA-PENA-AWARD-04.webp","width":1338,"height":1040},{"@type":"WebSite","@id":"https:\/\/lindasosafoundation.org\/#website","url":"https:\/\/lindasosafoundation.org\/","name":"lindasosafoundation.org","description":"","publisher":{"@id":"https:\/\/lindasosafoundation.org\/#organization"},"potentialAction":[{"@type":"SearchAction","target":{"@type":"EntryPoint","urlTemplate":"https:\/\/lindasosafoundation.org\/?s={search_term_string}"},"query-input":{"@type":"PropertyValueSpecification","valueRequired":true,"valueName":"search_term_string"}}],"inLanguage":"en-US"},{"@type":"Organization","@id":"https:\/\/lindasosafoundation.org\/#organization","name":"lindasosafoundation.org","url":"https:\/\/lindasosafoundation.org\/","logo":{"@type":"ImageObject","inLanguage":"en-US","@id":"https:\/\/lindasosafoundation.org\/#\/schema\/logo\/image\/","url":"https:\/\/lindasosafoundation.org\/wp-content\/uploads\/2021\/06\/LINDA-SOSA-FUNDATION-BLUEDARK.png","contentUrl":"https:\/\/lindasosafoundation.org\/wp-content\/uploads\/2021\/06\/LINDA-SOSA-FUNDATION-BLUEDARK.png","width":512,"height":512,"caption":"lindasosafoundation.org"},"image":{"@id":"https:\/\/lindasosafoundation.org\/#\/schema\/logo\/image\/"}},{"@type":"Person","@id":"https:\/\/lindasosafoundation.org\/#\/schema\/person\/79d4212820d5fc84b2a7765843540181","name":"Marvin Gonzales","image":{"@type":"ImageObject","inLanguage":"en-US","@id":"https:\/\/secure.gravatar.com\/avatar\/e2bce9ca9ff0c2b156dfa2c64113d4c703613f80912e96836e1bf7bfc0ad8054?s=96&d=mm&r=g","url":"https:\/\/secure.gravatar.com\/avatar\/e2bce9ca9ff0c2b156dfa2c64113d4c703613f80912e96836e1bf7bfc0ad8054?s=96&d=mm&r=g","contentUrl":"https:\/\/secure.gravatar.com\/avatar\/e2bce9ca9ff0c2b156dfa2c64113d4c703613f80912e96836e1bf7bfc0ad8054?s=96&d=mm&r=g","caption":"Marvin Gonzales"},"url":"https:\/\/lindasosafoundation.org\/en\/author\/soymegh\/"}]}},"_links":{"self":[{"href":"https:\/\/lindasosafoundation.org\/en\/wp-json\/wp\/v2\/posts\/21808","targetHints":{"allow":["GET"]}}],"collection":[{"href":"https:\/\/lindasosafoundation.org\/en\/wp-json\/wp\/v2\/posts"}],"about":[{"href":"https:\/\/lindasosafoundation.org\/en\/wp-json\/wp\/v2\/types\/post"}],"author":[{"embeddable":true,"href":"https:\/\/lindasosafoundation.org\/en\/wp-json\/wp\/v2\/users\/2"}],"replies":[{"embeddable":true,"href":"https:\/\/lindasosafoundation.org\/en\/wp-json\/wp\/v2\/comments?post=21808"}],"version-history":[{"count":25,"href":"https:\/\/lindasosafoundation.org\/en\/wp-json\/wp\/v2\/posts\/21808\/revisions"}],"predecessor-version":[{"id":21849,"href":"https:\/\/lindasosafoundation.org\/en\/wp-json\/wp\/v2\/posts\/21808\/revisions\/21849"}],"wp:featuredmedia":[{"embeddable":true,"href":"https:\/\/lindasosafoundation.org\/en\/wp-json\/wp\/v2\/media\/21815"}],"wp:attachment":[{"href":"https:\/\/lindasosafoundation.org\/en\/wp-json\/wp\/v2\/media?parent=21808"}],"wp:term":[{"taxonomy":"category","embeddable":true,"href":"https:\/\/lindasosafoundation.org\/en\/wp-json\/wp\/v2\/categories?post=21808"},{"taxonomy":"post_tag","embeddable":true,"href":"https:\/\/lindasosafoundation.org\/en\/wp-json\/wp\/v2\/tags?post=21808"}],"curies":[{"name":"wp","href":"https:\/\/api.w.org\/{rel}","templated":true}]}}